{"id":34155,"date":"2026-09-04T09:07:39","date_gmt":"2026-09-04T07:07:39","guid":{"rendered":"https:\/\/www.agoitz.eus\/noticias\/aprovechamiento-vecinal-prioritario-de-terreno-comunal\/"},"modified":"2026-09-04T09:08:00","modified_gmt":"2026-09-04T07:08:00","slug":"aprovechamiento-vecinal-prioritario-de-terreno-comunal","status":"publish","type":"noticias","link":"https:\/\/www.agoitz.eus\/eu\/noticias\/aprovechamiento-vecinal-prioritario-de-terreno-comunal\/","title":{"rendered":"Aprovechamiento vecinal prioritario de terreno comunal"},"content":{"rendered":"<p>El Pleno del Ayuntamiento de Aoiz, en sesi\u00f3n celebrada el d\u00eda 3 de septiembre de 2026 acord\u00f3 la apertura de un plazo de quince d\u00edas, a contar desde su anuncio de publicaci\u00f3n en el Bolet\u00edn Oficial de Navarra, para que durante dicho plazo los\/as vecinos\/as de Aoiz que cumplan los requisitos y condiciones establecidos en la Ordenanza municipal reguladora y est\u00e9n interesados puedan presentar solicitud de aprovechamiento de la parcela de pastos n\u00famero 361 del pol\u00edgono 1 de Aoiz, mediante adjudicaci\u00f3n de su aprovechamiento por plazo de ocho a\u00f1os, en la modalidad de adjudicaci\u00f3n vecinal prioritaria, con arreglo a las condiciones obrantes en Secretar\u00eda Municipal.<\/p>\n<p>Aoiz, 3 de septiembre de 2026.- El alcalde presidente, Angel Mart\u00edn Unzu\u00e9 Ayanz<\/p>\n","protected":false},"author":2,"featured_media":0,"comment_status":"closed","ping_status":"closed","template":"","format":"standard","meta":{"_wpml_word_count":["{\"total\":132,\"to_translate\":{\"eu\":132}}"],"_exactmetrics_sitenote_active":["0"],"imagenslia":[""],"subti":[""],"barra":[""],"mostrar_barra":["1"],"_wpml_media_duplicate":["1"],"_wpml_media_featured":["1"],"_yoast_wpseo_primary_categorianoticias":[""],"_yoast_wpseo_content_score":["90"],"_yoast_wpseo_estimated-reading-time-minutes":["1"],"_yoast_wpseo_wordproof_timestamp":[""],"_edit_lock":["1788505681:2"],"_edit_last":["2"]},"yoast_head":"<!-- This site is optimized with the Yoast SEO plugin v22.4 - https:\/\/yoast.com\/wordpress\/plugins\/seo\/ -->\r\n<title>Aprovechamiento vecinal prioritario de terreno comunal - Ayuntamiento de Aoiz\/Agoitz<\/title>\r\n<meta name=\"robots\" content=\"index, follow, max-snippet:-1, max-image-preview:large, max-video-preview:-1\" \/>\r\n<link rel=\"canonical\" href=\"https:\/\/www.agoitz.eus\/eu\/noticias\/aprovechamiento-vecinal-prioritario-de-terreno-comunal\/\" \/>\r\n<meta property=\"og:locale\" content=\"eu_ES\" \/>\r\n<meta property=\"og:type\" content=\"article\" \/>\r\n<meta property=\"og:title\" content=\"Aprovechamiento vecinal prioritario de terreno comunal - Ayuntamiento de Aoiz\/Agoitz\" \/>\r\n<meta property=\"og:description\" content=\"El Pleno del Ayuntamiento de Aoiz, en sesi\u00f3n celebrada el d\u00eda 3 de septiembre de 2026 acord\u00f3 la apertura de un plazo de quince d\u00edas, a contar desde su anuncio de publicaci\u00f3n en el Bolet\u00edn Oficial de Navarra, para que durante dicho plazo los\/as vecinos\/as de Aoiz que cumplan los requisitos y condiciones establecidos en [&hellip;]\" \/>\r\n<meta property=\"og:url\" content=\"https:\/\/www.agoitz.eus\/eu\/noticias\/aprovechamiento-vecinal-prioritario-de-terreno-comunal\/\" \/>\r\n<meta property=\"og:site_name\" content=\"Ayuntamiento de Aoiz\/Agoitz\" \/>\r\n<meta property=\"article:modified_time\" content=\"2026-09-04T07:08:00+00:00\" \/>\r\n<meta name=\"twitter:card\" content=\"summary_large_image\" \/>\r\n<meta name=\"twitter:label1\" content=\"Est. reading time\" \/>\n\t<meta name=\"twitter:data1\" content=\"1 minute\" \/>\r\n<script type=\"application\/ld+json\" class=\"yoast-schema-graph\">{\"@context\":\"https:\/\/schema.org\",\"@graph\":[{\"@type\":\"WebPage\",\"@id\":\"https:\/\/www.agoitz.eus\/eu\/noticias\/aprovechamiento-vecinal-prioritario-de-terreno-comunal\/\",\"url\":\"https:\/\/www.agoitz.eus\/eu\/noticias\/aprovechamiento-vecinal-prioritario-de-terreno-comunal\/\",\"name\":\"Aprovechamiento vecinal prioritario de terreno comunal - Ayuntamiento de Aoiz\/Agoitz\",\"isPartOf\":{\"@id\":\"https:\/\/www.agoitz.eus\/eu\/#website\"},\"datePublished\":\"2026-09-04T07:07:39+00:00\",\"dateModified\":\"2026-09-04T07:08:00+00:00\",\"breadcrumb\":{\"@id\":\"https:\/\/www.agoitz.eus\/eu\/noticias\/aprovechamiento-vecinal-prioritario-de-terreno-comunal\/#breadcrumb\"},\"inLanguage\":\"eu-ES\",\"potentialAction\":[{\"@type\":\"ReadAction\",\"target\":[\"https:\/\/www.agoitz.eus\/eu\/noticias\/aprovechamiento-vecinal-prioritario-de-terreno-comunal\/\"]}]},{\"@type\":\"BreadcrumbList\",\"@id\":\"https:\/\/www.agoitz.eus\/eu\/noticias\/aprovechamiento-vecinal-prioritario-de-terreno-comunal\/#breadcrumb\",\"itemListElement\":[{\"@type\":\"ListItem\",\"position\":1,\"name\":\"Portada\",\"item\":\"https:\/\/www.agoitz.eus\/eu\/\"},{\"@type\":\"ListItem\",\"position\":2,\"name\":\"Albisteak\",\"item\":\"https:\/\/www.agoitz.eus\/eu\/noticias\/\"},{\"@type\":\"ListItem\",\"position\":3,\"name\":\"Aprovechamiento vecinal prioritario de terreno comunal\"}]},{\"@type\":\"WebSite\",\"@id\":\"https:\/\/www.agoitz.eus\/eu\/#website\",\"url\":\"https:\/\/www.agoitz.eus\/eu\/\",\"name\":\"Ayuntamiento de Aoiz\/Agoitz\",\"description\":\"Sitio web del Ayuntamiento de  Aoiz\/Agoitz\",\"potentialAction\":[{\"@type\":\"SearchAction\",\"target\":{\"@type\":\"EntryPoint\",\"urlTemplate\":\"https:\/\/www.agoitz.eus\/eu\/?s={search_term_string}\"},\"query-input\":\"required name=search_term_string\"}],\"inLanguage\":\"eu-ES\"}]}<\/script>\r\n<!-- \/ Yoast SEO plugin. -->","yoast_head_json":{"title":"Aprovechamiento vecinal prioritario de terreno comunal - Ayuntamiento de Aoiz\/Agoitz","robots":{"index":"index","follow":"follow","max-snippet":"max-snippet:-1","max-image-preview":"max-image-preview:large","max-video-preview":"max-video-preview:-1"},"canonical":"https:\/\/www.agoitz.eus\/eu\/noticias\/aprovechamiento-vecinal-prioritario-de-terreno-comunal\/","og_locale":"eu_ES","og_type":"article","og_title":"Aprovechamiento vecinal prioritario de terreno comunal - Ayuntamiento de Aoiz\/Agoitz","og_description":"El Pleno del Ayuntamiento de Aoiz, en sesi\u00f3n celebrada el d\u00eda 3 de septiembre de 2026 acord\u00f3 la apertura de un plazo de quince d\u00edas, a contar desde su anuncio de publicaci\u00f3n en el Bolet\u00edn Oficial de Navarra, para que durante dicho plazo los\/as vecinos\/as de Aoiz que cumplan los requisitos y condiciones establecidos en [&hellip;]","og_url":"https:\/\/www.agoitz.eus\/eu\/noticias\/aprovechamiento-vecinal-prioritario-de-terreno-comunal\/","og_site_name":"Ayuntamiento de Aoiz\/Agoitz","article_modified_time":"2026-09-04T07:08:00+00:00","twitter_card":"summary_large_image","twitter_misc":{"Est. reading time":"1 minute"},"schema":{"@context":"https:\/\/schema.org","@graph":[{"@type":"WebPage","@id":"https:\/\/www.agoitz.eus\/eu\/noticias\/aprovechamiento-vecinal-prioritario-de-terreno-comunal\/","url":"https:\/\/www.agoitz.eus\/eu\/noticias\/aprovechamiento-vecinal-prioritario-de-terreno-comunal\/","name":"Aprovechamiento vecinal prioritario de terreno comunal - Ayuntamiento de Aoiz\/Agoitz","isPartOf":{"@id":"https:\/\/www.agoitz.eus\/eu\/#website"},"datePublished":"2026-09-04T07:07:39+00:00","dateModified":"2026-09-04T07:08:00+00:00","breadcrumb":{"@id":"https:\/\/www.agoitz.eus\/eu\/noticias\/aprovechamiento-vecinal-prioritario-de-terreno-comunal\/#breadcrumb"},"inLanguage":"eu-ES","potentialAction":[{"@type":"ReadAction","target":["https:\/\/www.agoitz.eus\/eu\/noticias\/aprovechamiento-vecinal-prioritario-de-terreno-comunal\/"]}]},{"@type":"BreadcrumbList","@id":"https:\/\/www.agoitz.eus\/eu\/noticias\/aprovechamiento-vecinal-prioritario-de-terreno-comunal\/#breadcrumb","itemListElement":[{"@type":"ListItem","position":1,"name":"Portada","item":"https:\/\/www.agoitz.eus\/eu\/"},{"@type":"ListItem","position":2,"name":"Albisteak","item":"https:\/\/www.agoitz.eus\/eu\/noticias\/"},{"@type":"ListItem","position":3,"name":"Aprovechamiento vecinal prioritario de terreno comunal"}]},{"@type":"WebSite","@id":"https:\/\/www.agoitz.eus\/eu\/#website","url":"https:\/\/www.agoitz.eus\/eu\/","name":"Ayuntamiento de Aoiz\/Agoitz","description":"Sitio web del Ayuntamiento de  Aoiz\/Agoitz","potentialAction":[{"@type":"SearchAction","target":{"@type":"EntryPoint","urlTemplate":"https:\/\/www.agoitz.eus\/eu\/?s={search_term_string}"},"query-input":"required name=search_term_string"}],"inLanguage":"eu-ES"}]}},"_links":{"self":[{"href":"https:\/\/www.agoitz.eus\/eu\/wp-json\/wp\/v2\/noticias\/34155"}],"collection":[{"href":"https:\/\/www.agoitz.eus\/eu\/wp-json\/wp\/v2\/noticias"}],"about":[{"href":"https:\/\/www.agoitz.eus\/eu\/wp-json\/wp\/v2\/types\/noticias"}],"author":[{"embeddable":true,"href":"https:\/\/www.agoitz.eus\/eu\/wp-json\/wp\/v2\/users\/2"}],"replies":[{"embeddable":true,"href":"https:\/\/www.agoitz.eus\/eu\/wp-json\/wp\/v2\/comments?post=34155"}],"wp:attachment":[{"href":"https:\/\/www.agoitz.eus\/eu\/wp-json\/wp\/v2\/media?parent=34155"}],"curies":[{"name":"wp","href":"https:\/\/api.w.org\/{rel}","templated":true}]}}